{"id":1873,"date":"2020-05-08T18:07:23","date_gmt":"2020-05-08T21:07:23","guid":{"rendered":"https:\/\/bsspblog.com.br\/?p=1873"},"modified":"2022-07-14T10:24:36","modified_gmt":"2022-07-14T13:24:36","slug":"pis-cofins-creditos-em-tempos-de-pandemia","status":"publish","type":"post","link":"https:\/\/www.bsspce.com.br\/blog\/pis-cofins-creditos-em-tempos-de-pandemia\/","title":{"rendered":"PIS\/COFINS \u2013 Cr\u00e9ditos em tempos de pandemia"},"content":{"rendered":"\r\n<p><img fetchpriority=\"high\" decoding=\"async\" class=\"alignnone wp-image-3797 size-full\" src=\"https:\/\/www.bsspce.com.br\/blog\/wp-content\/uploads\/2020\/05\/PIS-COFINS-\u2013-Creditos-em-tempos-de-pandemia.jpg\" alt=\"\" width=\"650\" height=\"434\" srcset=\"https:\/\/www.bsspce.com.br\/blog\/wp-content\/uploads\/2020\/05\/PIS-COFINS-\u2013-Creditos-em-tempos-de-pandemia.jpg 650w, https:\/\/www.bsspce.com.br\/blog\/wp-content\/uploads\/2020\/05\/PIS-COFINS-\u2013-Creditos-em-tempos-de-pandemia-300x200.jpg 300w\" sizes=\"(max-width: 650px) 100vw, 650px\" \/><\/p>\r\n\r\n\r\n\r\n<h2 class=\"wp-block-heading\"><strong>Introdu\u00e7\u00e3o<\/strong><\/h2>\r\n\r\n\r\n\r\n<p>&nbsp;<\/p>\r\n\r\n\r\n\r\n<p>A pandemia do novo Coronav\u00edrus (Covid-19) trouxe uma reviravolta na vida das pessoas, das empresas e dos governantes no mundo.<\/p>\r\n\r\n\r\n\r\n<p>E como profissional da \u00e1rea tribut\u00e1ria, faz dias que ando matutando sobre os reflexos da pandemia na \u00e1rea tribut\u00e1ria, especificamente quanto aos cr\u00e9ditos das contribui\u00e7\u00f5es sociais PIS\/COFINS sobre insumos utilizados no processo produtivo e na presta\u00e7\u00e3o de servi\u00e7os, das empresas enquadradas no regime n\u00e3o cumulativo daquelas contribui\u00e7\u00f5es.<\/p>\r\n\r\n\r\n\r\n<p>Meu foco s\u00e3o os diversos itens a que as empresas do ramo industrial e de servi\u00e7os se viram obrigadas a adquirir para seus funcion\u00e1rios e suas atividades, para atender \u00e0s recomenda\u00e7\u00f5es n\u00e3o farmacol\u00f3gicas da OMS \u2013 Organiza\u00e7\u00e3o Mundial da Sa\u00fade, e do Minist\u00e9rio da Sa\u00fade, no combate \u00e0 dissemina\u00e7\u00e3o do novo coronav\u00edrus (COVID-19).<\/p>\r\n\r\n\r\n\r\n<p>Muitas atividades j\u00e1 t\u00eam como normas de Sa\u00fade e Seguran\u00e7a no trabalho o uso de m\u00e1scaras, luvas, , jalecos, pantufas, aventais e toucas, descart\u00e1veis ou n\u00e3o, dentre seus EPI \u2013 Equipamentos de Prote\u00e7\u00e3o Individual. Isso sem falar no uso frequente de \u00e1lcool gel e outros desinfetantes ou sanitizantes. Como exemplo, sito:<\/p>\r\n\r\n\r\n\r\n<ol type=\"a\">\r\n<li>as ind\u00fastrias qu\u00edmicas, farmac\u00eauticas, aliment\u00edcias, de bebidas, de cosm\u00e9ticos e de artigos de higiene e<\/li>\r\n<li>as empresas de presta\u00e7\u00e3o de servi\u00e7os de limpeza, conserva\u00e7\u00e3o e manuten\u00e7\u00e3o, especialmente em hospitais e cl\u00ednicas de sa\u00fade.<\/li>\r\n<\/ol>\r\n\r\n\r\n\r\n<p>Os cr\u00e9ditos podem surgir sob a rubrica de insumos ou de bens do ativo imobilizado (aquisi\u00e7\u00e3o ou deprecia\u00e7\u00e3o) ou ainda da loca\u00e7\u00e3o\/arrendamento mercantil de m\u00e1quinas, equipamentos e edifica\u00e7\u00f5es.<\/p>\r\n\r\n\r\n\r\n<p>&nbsp;<\/p>\r\n\r\n\r\n\r\n<h2 class=\"wp-block-heading\"><strong><u>I) Cr\u00e9ditos sobre insumos<\/u><\/strong><\/h2>\r\n\r\n\r\n\r\n<p>&nbsp;<\/p>\r\n\r\n\r\n\r\n<p>O Parecer Normativo COSIT\/RFB 05\/18 apresenta as principais repercuss\u00f5es no \u00e2mbito da Secretaria da Receita Federal do Brasil decorrentes da defini\u00e7\u00e3o do conceito de insumos na legisla\u00e7\u00e3o das contribui\u00e7\u00f5es sociais PIS\/COFINS, estabelecida pela Primeira Se\u00e7\u00e3o do Superior Tribunal de Justi\u00e7a no julgamento do Recurso Especial 1.221.170\/PR.<\/p>\r\n\r\n\r\n\r\n<p>J\u00e1 no t\u00f3pico 8, do referido parecer, \u00e9 informado que o recurso especial foi parcialmente provido, sendo considerados poss\u00edveis insumos para a atividade da recorrente, &#8230;\u201c \u2018custos\u2019 e \u2018despesas\u2019 com \u00e1gua, combust\u00edvel, materiais de exames laboratoriais, materiais de<\/p>\r\n\r\n\r\n\r\n<p>limpeza e, agora, os equipamentos de prote\u00e7\u00e3o individual \u2013 EPI\u201d.<\/p>\r\n\r\n\r\n\r\n<p>A decis\u00e3o do STJ no julgamento do Recurso Especial 1.221.170\/PR, determinou que o conceito de insumo para fins de apura\u00e7\u00e3o de cr\u00e9ditos da n\u00e3o cumulatividade de PIS\/COFINS deve ser aferido, <strong>caso a caso<\/strong>, \u00e0 luz dos <strong>crit\u00e9rios da essencialidade ou da relev\u00e2ncia<\/strong> do bem ou servi\u00e7o para a produ\u00e7\u00e3o de bens destinados \u00e0 venda ou para a presta\u00e7\u00e3o de servi\u00e7os pela pessoa jur\u00eddica:<\/p>\r\n\r\n\r\n\r\n<p><em>Em resumo, <u>\u00e9 de se definir como insumos<\/u>, para efeitos do art. 3\u00b0, II, da Lei n. 10.637\/2002, e art. 3\u00b0, II, da Lei n. 10.833\/2003<u>, todos aqueles bens e servi\u00e7os pertinentes ao, ou que viabilizam o processo produtivo e a presta\u00e7\u00e3o de servi\u00e7os, que neles possam ser direta ou indiretamente empregados<\/u> e cuja subtra\u00e7\u00e3o importa na impossibilidade mesma da presta\u00e7\u00e3o do servi\u00e7o ou da produ\u00e7\u00e3o, isto \u00e9, <u>cuja <strong>subtra\u00e7\u00e3o<\/strong> obsta a atividade da empresa, ou implica em substancial perda de <strong>qualidade<\/strong> do produto ou servi\u00e7o<\/u> da\u00ed resultantes.\u201d (fls 50, 59, 61 e 62 do inteiro teor do ac\u00f3rd\u00e3o).<\/em><\/p>\r\n\r\n\r\n\r\n<p>Entretanto, nos t\u00f3picos 49 e 50 do PN COSIT\/RFB 05\/18, o fisco observa que os Ministros do STJ inclu\u00edram no conceito de insumos geradores de cr\u00e9ditos de PIS\/COFINS, em raz\u00e3o de sua relev\u00e2ncia, os itens \u201ccuja finalidade, embora n\u00e3o indispens\u00e1vel \u00e0 elabora\u00e7\u00e3o do pr\u00f3prio produto ou \u00e0 presta\u00e7\u00e3o do servi\u00e7o, integre o processo de produ\u00e7\u00e3o (&#8230;) por imposi\u00e7\u00e3o legal\u201d, no caso os equipamentos de prote\u00e7\u00e3o individual (EPIs), que constituem itens destinados a viabilizar a atua\u00e7\u00e3o da m\u00e3o de obra.<\/p>\r\n\r\n\r\n\r\n<p>Posteriormente, foi publicada a Instru\u00e7\u00e3o Normativa RFB 1911\/19, que no inciso X, do \u00a71\u00ba, do art. 172, esclarece que <strong>tamb\u00e9m<\/strong> s\u00e3o considerados insumos:<\/p>\r\n\r\n\r\n\r\n<p><em>X &#8211; bens ou servi\u00e7os <u>especificamente exigidos pela legisla\u00e7\u00e3o<\/u> para viabilizar a atividade<\/em><\/p>\r\n\r\n\r\n\r\n<p><em>de produ\u00e7\u00e3o de bens ou de presta\u00e7\u00e3o de servi\u00e7os por parte da m\u00e3o de obra empregada nessas atividades, <u>como no caso dos equipamentos de prote\u00e7\u00e3o individual (EPI).<\/u><\/em><\/p>\r\n\r\n\r\n\r\n<p>Os uniformes fornecidos aos empregados, sem imposi\u00e7\u00e3o legal, n\u00e3o podem ser considerados insumos, para fins de apura\u00e7\u00e3o de cr\u00e9ditos de PIS\/COFINS <strong>(Solu\u00e7\u00e3o de Consulta COSIT 183\/19).<\/strong><\/p>\r\n\r\n\r\n\r\n<p>Cabe o cr\u00e9dito sobre vestimentas e EPIs que devem ser utilizados por imposi\u00e7\u00e3o legal, para viabilizar a atividade de produ\u00e7\u00e3o de bens ou de presta\u00e7\u00e3o de servi\u00e7os por parte da m\u00e3o de obra empregada nessas atividades. <strong>Exce\u00e7\u00e3o: <\/strong>Cabe cr\u00e9dito sobre fardamento ou uniforme fornecidos aos empregados por pessoa jur\u00eddica que explore as atividades de presta\u00e7\u00e3o de servi\u00e7os de limpeza, conserva\u00e7\u00e3o e manuten\u00e7\u00e3o (inciso X do art. 3\u00ba das Leis 10.637\/02 e 10.833\/03) &#8211; <strong>Itens 130 a 137 do PN COSIT\/RFB 05\/18<\/strong>.<\/p>\r\n\r\n\r\n\r\n<p>&nbsp;<\/p>\r\n\r\n\r\n\r\n<h2 class=\"wp-block-heading\"><strong>Da legisla\u00e7\u00e3o relativa \u00e0 pandemia (COVID-19)<\/strong><\/h2>\r\n\r\n\r\n\r\n<p>&nbsp;<\/p>\r\n\r\n\r\n\r\n<p>Feitas estas considera\u00e7\u00f5es, resta verificar se existe imposi\u00e7\u00e3o legal, para que as ind\u00fastrias em geral e os prestadores de servi\u00e7os, ap\u00f3s a publica\u00e7\u00e3o da Lei Federal 13979\/20 (D.O.U. 07\/02\/2020), que disp\u00f5e sobre as medidas de enfrentamento da emerg\u00eancia de sa\u00fade p\u00fablica de import\u00e2ncia internacional decorrente do coronav\u00edrus (COVID-19), forne\u00e7am itens de prote\u00e7\u00e3o individual ao seus funcion\u00e1rios e providenciem equipamentos para o combate \u00e0 dissemina\u00e7\u00e3o daquele v\u00edrus.<\/p>\r\n\r\n\r\n\r\n<p>O Decreto Legislativo 06\/20 (D.O.U. 20\/03\/2020), reconheceu a ocorr\u00eancia do estado de calamidade p\u00fablica no Brasil.<\/p>\r\n\r\n\r\n\r\n<p>Por sua vez, o Decreto Federal 10282\/20 (D.O.U. de 21\/03\/2020), regulamentou a Lei 13979\/20 e definiu os servi\u00e7os p\u00fablicos e as atividades essenciais em \u00e2mbito nacional, em seu art. 3\u00ba, \u00a71\u00ba, como por exemplo:<\/p>\r\n\r\n\r\n\r\n<ul>\r\n<li>produ\u00e7\u00e3o, distribui\u00e7\u00e3o, comercializa\u00e7\u00e3o e entrega, realizadas presencialmente ou por meio do com\u00e9rcio eletr\u00f4nico, de produtos de sa\u00fade, higiene, limpeza, alimentos, bebidas e materiais de constru\u00e7\u00e3o;\u00a0\u00a0\u00a0\u00a0\u00a0\u00a0\u00a0\u00a0\u00a0\u00a0\u00a0 \u00a0\u00a0\u00a0\u00a0<\/li>\r\n<li>preven\u00e7\u00e3o, controle e erradica\u00e7\u00e3o de pragas dos vegetais e de doen\u00e7a dos animais;<\/li>\r\n<li>\u00a0inspe\u00e7\u00e3o de alimentos, produtos e derivados de origem animal e vegetal;<\/li>\r\n<li>servi\u00e7os detransporte, armazenamento, entrega e log\u00edsticade cargas em geral;\u00a0\u00a0\u00a0\u00a0\u00a0\u00a0\u00a0\u00a0\u00a0\u00a0\u00a0\u00a0\u00a0\u00a0 \u00a0<\/li>\r\n<li>atividades de com\u00e9rcio de bens e servi\u00e7os, inclu\u00eddas aquelas de alimenta\u00e7\u00e3o, repouso, limpeza, higiene, comercializa\u00e7\u00e3o, manuten\u00e7\u00e3o e assist\u00eancia t\u00e9cnica automotivas, de conveni\u00eancia e cong\u00eaneres, destinadas a assegurar o transporte e as atividades log\u00edsticas de todos os tipos de carga e de pessoas em rodovias e estradas;\u00a0\u00a0\u00a0\u00a0\u00a0\u00a0\u00a0\u00a0\u00a0\u00a0\u00a0\u00a0\u00a0\u00a0 \u00a0\u00a0<\/li>\r\n<li>atividade de loca\u00e7\u00e3o de ve\u00edculos;\u00a0\u00a0\u00a0\u00a0\u00a0\u00a0\u00a0\u00a0\u00a0\u00a0\u00a0\u00a0\u00a0 \u00a0<\/li>\r\n<li>atividades de produ\u00e7\u00e3o, distribui\u00e7\u00e3o, comercializa\u00e7\u00e3o, manuten\u00e7\u00e3o, reposi\u00e7\u00e3o, assist\u00eancia t\u00e9cnica, monitoramento e inspe\u00e7\u00e3o de equipamentos de infraestrutura, instala\u00e7\u00f5es, m\u00e1quinas e equipamentos em geral, inclu\u00eddos elevadores, escadas rolantes e equipamentos de refrigera\u00e7\u00e3o e climatiza\u00e7\u00e3o;<\/li>\r\n<li>atividades de produ\u00e7\u00e3o, exporta\u00e7\u00e3o, importa\u00e7\u00e3o e transporte de insumos e produtos qu\u00edmicos, petroqu\u00edmicos e pl\u00e1sticos em geral;<\/li>\r\n<li>atividades cujo processo produtivo n\u00e3o possa ser interrompido sob pena de dano irrepar\u00e1vel das instala\u00e7\u00f5es e dos equipamentos, tais como o processo sider\u00fargico e as cadeias de produ\u00e7\u00e3o do alum\u00ednio, da cer\u00e2mica e do vidro;\u00a0\u00a0\u00a0\u00a0\u00a0\u00a0\u00a0\u00a0\u00a0<\/li>\r\n<li>ind\u00fastrias qu\u00edmicas e petroqu\u00edmicas de mat\u00e9rias-primas ou produtos de sa\u00fade, higiene, alimentos e bebidas.\u00a0\u00a0\u00a0\u00a0<\/li>\r\n<\/ul>\r\n\r\n\r\n\r\n<p>Tamb\u00e9m \u00e9 pertinente compartilhar o teor dos seguintes par\u00e1grafos do citado art. 3\u00ba:<\/p>\r\n\r\n\r\n\r\n<p><em>\u00a7 3\u00ba <u>\u00c9 vedada a restri\u00e7\u00e3o \u00e0 circula\u00e7\u00e3o de trabalhadores que possa afetar o funcionamento de servi\u00e7os p\u00fablicos e atividades essenciais, e de cargas de qualquer esp\u00e9cie que possam acarretar desabastecimento de g\u00eaneros necess\u00e1rios \u00e0 popula\u00e7\u00e3o. <\/u><\/em><u><\/u><\/p>\r\n\r\n\r\n\r\n<p><em>\u00a7 4\u00ba <u>Para fins do cumprimento ao disposto neste Decreto, os \u00f3rg\u00e3os p\u00fablicos e privados disponibilizar\u00e3o equipes devidamente preparadas e dispostas \u00e0 execu\u00e7\u00e3o, ao monitoramento e \u00e0 fiscaliza\u00e7\u00e3o dos servi\u00e7os p\u00fablicos e das atividades essenciais. <\/u><\/em><u><\/u><\/p>\r\n\r\n\r\n\r\n<p><em>\u00a7 7\u00ba <strong>Na execu\u00e7\u00e3o dos servi\u00e7os p\u00fablicos e das atividades essenciais de que trata este artigo devem ser adotadas todas as cautelas para redu\u00e7\u00e3o da transmissibilidade da covid -19.<\/strong><\/em><\/p>\r\n\r\n\r\n\r\n<p>Mais uma vez, n\u00e3o vemos, especificamente, que tipos de itens de prote\u00e7\u00e3o individual e equipamentos devem ser fornecidos pelos estabelecimentos industriais e prestadores de servi\u00e7os aos seus funcion\u00e1rios para evitar a propaga\u00e7\u00e3o do coronav\u00edrus (COVID-19).<\/p>\r\n\r\n\r\n\r\n<p>O \u00a79\u00ba, do art. 3\u00ba, do Decreto Federal 10282\/20, n\u00e3o afastou a compet\u00eancia ou a tomada de provid\u00eancias normativas e administrativas pelos Estados, pelo Distrito Federal ou pelos Munic\u00edpios, no \u00e2mbito de suas compet\u00eancias e de seus respectivos territ\u00f3rios, no combate \u00e0 dissemina\u00e7\u00e3o do coronav\u00edrus.<\/p>\r\n\r\n\r\n\r\n<p>Como exemplo, fui buscar orienta\u00e7\u00e3o na legisla\u00e7\u00e3o do Estado de S\u00e3o Paulo e do Munic\u00edpio de S\u00e3o Paulo.<\/p>\r\n\r\n\r\n\r\n<p>O Estado de S\u00e3o Paulo publicou o Decreto 64881\/20 que trata da quarentena em todo o territ\u00f3rio do Estado no contexto da pandemia do COVID-19, lista as atividades essenciais para fins de funcionamento, e n\u00e3o restringe o funcionamento dos estabelecimentos industriais no Estado.<\/p>\r\n\r\n\r\n\r\n<p>O Decreto 59298\/20 do Munic\u00edpio de S\u00e3o Paulo, n\u00e3o restringe o funcionamento dos estabelecimentos fabris, e em seu art. 2\u00ba determina que os estabelecimentos comerciais e prestadores de servi\u00e7os com atividades essenciais devem:<\/p>\r\n\r\n\r\n\r\n<p>I &#8211; intensificar as a\u00e7\u00f5es de limpeza;<\/p>\r\n\r\n\r\n\r\n<p>II &#8211; disponibilizar \u00e1lcool em gel aos seus clientes; e<\/p>\r\n\r\n\r\n\r\n<p>III &#8211; divulgar informa\u00e7\u00f5es acerca da COVID19 e das medidas de preven\u00e7\u00e3o.<\/p>\r\n\r\n\r\n\r\n<p>O Munic\u00edpio de S\u00e3o Paulo tamb\u00e9m publicou a Lei 17340\/20 (DOC-SP 1\u00ba\/05\/2020), para determinar aos estabelecimentos prestadores de servi\u00e7os e similares abertos ao p\u00fablico em geral, <strong>enquanto perdurar a emerg\u00eancia de sa\u00fade p\u00fablica no Munic\u00edpio de S\u00e3o Paulo<\/strong>, a distribui\u00e7\u00e3o de m\u00e1scaras e luvas aos seus funcion\u00e1rios, quando seu uso estiver <strong>recomendado nas<\/strong> <strong>normas t\u00e9cnicas aplic\u00e1veis<\/strong>. Tamb\u00e9m dever\u00e3o disponibilizar recipientes abastecidos com \u00e1lcool gel antiss\u00e9ptico ou produto similar para a higieniza\u00e7\u00e3o das m\u00e3os dos funcion\u00e1rios, colaboradores, frequentadores ou consumidores.<\/p>\r\n\r\n\r\n\r\n<p>Sugiro a pesquisa na legisla\u00e7\u00e3o dos demais Estados e Munic\u00edpios em busca de norma espec\u00edfica.<\/p>\r\n\r\n\r\n\r\n<p>O Minist\u00e9rio da Sa\u00fade publicou, dentre outras, as Portarias 188\/20, 356\/20 (isolamento e quarentena) e 454\/20, sem entrar no m\u00e9rito dos tipos de materiais e equipamentos de prote\u00e7\u00e3o para uso dos trabalhadores para evitar a contamina\u00e7\u00e3o do COVID-19.<\/p>\r\n\r\n\r\n\r\n<p>Neste link do site do minist\u00e9rio <a href=\"https:\/\/coronavirus.saude.gov.br\/sobre-a-doenca#transmissao\"><strong>https:\/\/coronavirus.saude.gov.br\/sobre-a-doenca#transmissao<\/strong><\/a> , encontramos informa\u00e7\u00e3o sobre quais s\u00e3o os sintomas da doen\u00e7a, como ela \u00e9 transmitida e as recomenda\u00e7\u00f5es de preven\u00e7\u00e3o \u00e0 COVID-19, de maneira geral.<\/p>\r\n\r\n\r\n\r\n<p>Por\u00e9m n\u00e3o temos informa\u00e7\u00e3o clara quanto ao uso de materiais e equipamentos de prote\u00e7\u00e3o individual no ambiente de trabalho.<\/p>\r\n\r\n\r\n\r\n<p>Resumindo, \u00e0 exce\u00e7\u00e3o da cidade de S\u00e3o Paulo (cabendo pesquisa na legisla\u00e7\u00e3o dos demais munic\u00edpios e Estados), n\u00e3o vemos, especificamente, que tipos de itens de prote\u00e7\u00e3o individual e equipamentos devem ser fornecidos pelos estabelecimentos industriais e prestadores de servi\u00e7os aos seus funcion\u00e1rios para evitar a propaga\u00e7\u00e3o do coronav\u00edrus (COVID-19).<\/p>\r\n\r\n\r\n\r\n<p>&nbsp;<\/p>\r\n\r\n\r\n\r\n<h2 class=\"wp-block-heading\"><strong>Da legisla\u00e7\u00e3o trabalhista e previdenci\u00e1ria<\/strong><\/h2>\r\n\r\n\r\n\r\n<p>&nbsp;<\/p>\r\n\r\n\r\n\r\n<p>O que nos resta, a esta altura, \u00e9 pesquisar a legisla\u00e7\u00e3o trabalhista e previdenci\u00e1ria para buscar norma espec\u00edfica sobre a obrigatoriedade de uso de itens de prote\u00e7\u00e3o individual em tempos de pandemia do coronav\u00edrus (COVID-19).<\/p>\r\n\r\n\r\n\r\n<p>Pesquisando o site da Secretaria de Trabalho, do Minist\u00e9rio da Economia ( <a href=\"https:\/\/enit.trabalho.gov.br\/portal\/index.php\/covid-19-coronavirus\">https:\/\/enit.trabalho.gov.br\/portal\/index.php\/covid-19-coronavirus<\/a> ), localizei Of\u00edcios Circulares espec\u00edficos para os setores de constru\u00e7\u00e3o civil, frigor\u00edficos, postos de combust\u00edveis, supermercados, telesservi\u00e7os e o Of\u00edcio Circular SEI n\u00ba 1088\/20, de 27\/03\/2020, que traz orienta\u00e7\u00f5es gerais aos trabalhadores e empregadores em raz\u00e3o da pandemia da COVID-19.<\/p>\r\n\r\n\r\n\r\n<p>Notem que se tratam de orienta\u00e7\u00f5es e n\u00e3o obriga\u00e7\u00f5es. Mas vamos nos ater ao Of\u00edcio Circular SEI 1088\/20, que \u00e9 aplic\u00e1vel \u00e0 grande maioria das ind\u00fastrias e prestadores de servi\u00e7os enquadrados no regime n\u00e3o cumulativo de apura\u00e7\u00e3o de PIS\/COFINS. Vejamos algumas das orienta\u00e7\u00f5es contidas no referido of\u00edcio:<\/p>\r\n\r\n\r\n\r\n<p><em>Especificamente em rela\u00e7\u00e3o \u00e0s exig\u00eancias de Seguran\u00e7a e Sa\u00fade no Trabalho, destaca-se que as medidas adotadas n\u00e3o significam qualquer supress\u00e3o ou autoriza\u00e7\u00e3o para o descumprimento das <strong>Normas Regulamentadoras de Seguran\u00e7a e Sa\u00fade no Trabalho<\/strong>, <u>sendo imperativo que trabalhadores e empregadores mantenham foco na preven\u00e7\u00e3o evitando a ocorr\u00eancia de acidentes de trabalho e <strong>doen\u00e7as ocupacionais<\/strong>.<\/u><\/em><\/p>\r\n\r\n\r\n\r\n<p><em>Assim, a Subsecretaria de Inspe\u00e7\u00e3o do Trabalho (SIT) da Secretaria de Trabalho orienta as seguintes medidas aos trabalhadores e empregadores, como forma de prevenir\/diminuir o cont\u00e1gio da COVID-19 e promover a ado\u00e7\u00e3o de medidas protetivas aos trabalhadores.<\/em><\/p>\r\n\r\n\r\n\r\n<p><strong><em><u>Por fim, salienta-se que as orienta\u00e7\u00f5es gerais s\u00e3o aplic\u00e1veis na inexist\u00eancia de orienta\u00e7\u00f5es setoriais espec\u00edficas, sendo que, em raz\u00e3o do avan\u00e7o no conhecimento e controle da pandemia, tais orienta\u00e7\u00f5es poder\u00e3o ser revistas ou atualizadas.<\/u><\/em><\/strong><\/p>\r\n\r\n\r\n\r\n<p>&nbsp;<\/p>\r\n\r\n\r\n\r\n<h2 class=\"wp-block-heading\"><strong><em>PR\u00c1TICAS DE BOA HIGIENE E CONDUTA <\/em>(exemplos)<\/strong><\/h2>\r\n\r\n\r\n\r\n<p>&nbsp;<\/p>\r\n\r\n\r\n\r\n<ol type=\"1\">\r\n<li><em>Criar e divulgar protocolos para identifica\u00e7\u00e3o e encaminhamento de trabalhadores com suspeita de contamina\u00e7\u00e3o pelo novo coronav\u00edrus antes de ingressar no ambiente de trabalho. O protocolo deve incluir o acompanhamento da sintomatologia dos trabalhadores no acesso e durante as atividades nas depend\u00eancias das empresas;<\/em><\/li>\r\n<li><em>Adotar procedimentos cont\u00ednuos de higieniza\u00e7\u00e3o das m\u00e3os, com utiliza\u00e7\u00e3o de \u00e1gua e sab\u00e3o em intervalos regulares. Caso n\u00e3o seja poss\u00edvel a lavagem das m\u00e3os, utilizar imediatamente sanitizante adequado para as m\u00e3os, como \u00e1lcool 70%;<\/em><\/li>\r\n<li><em>Manter dist\u00e2ncia segura entre os trabalhadores, considerando as orienta\u00e7\u00f5es do Minist\u00e9rio da Sa\u00fade e as caracter\u00edsticas do ambiente de trabalho;<\/em><\/li>\r\n<li><em>Priorizar medidas para distribuir a for\u00e7a de trabalho ao longo do dia, evitando concentr\u00e1-la em um turno s\u00f3;<\/em><\/li>\r\n<li><em>Limpar e desinfetar os locais de trabalho e \u00e1reas comuns no intervalo entre turnos ou sempre que houver a designa\u00e7\u00e3o de um trabalhador para ocupar o posto de trabalho de outro;<\/em><\/li>\r\n<li><em>Refor\u00e7ar a limpeza de sanit\u00e1rios e vesti\u00e1rios;<\/em><\/li>\r\n<li><em>Refor\u00e7ar a limpeza de pontos de grande contato como corrim\u00f5es, banheiros, ma\u00e7anetas, terminais de pagamento, elevadores, mesas, cadeiras etc;<\/em><\/li>\r\n<li><em>Privilegiar a ventila\u00e7\u00e3o natural nos locais de trabalho. No caso de aparelho de ar condicionado, evite recircula\u00e7\u00e3o de ar e verifique a adequa\u00e7\u00e3o de suas manuten\u00e7\u00f5es preventivas e corretivas;<\/em><\/li>\r\n<\/ol>\r\n\r\n\r\n\r\n<p>&nbsp;<\/p>\r\n\r\n\r\n\r\n<h2 class=\"wp-block-heading\"><strong><em>PR\u00c1TICAS REFERENTES \u00c0S M\u00c1SCARAS <\/em>(exemplos)<\/strong><\/h2>\r\n\r\n\r\n\r\n<p>&nbsp;<\/p>\r\n\r\n\r\n\r\n<ul>\r\n<li><em>A m\u00e1scara de prote\u00e7\u00e3o respirat\u00f3ria s\u00f3 deve ser utilizada quando indicado seu uso. O uso indiscriminado de m\u00e1scara, quando n\u00e3o indicado tecnicamente, pode causar a escassez do material e criar uma falsa sensa\u00e7\u00e3o de seguran\u00e7a, que pode levar a negligenciar outras medidas de preven\u00e7\u00e3o como a pr\u00e1tica de higiene das m\u00e3os;<\/em><\/li>\r\n<li><em>A m\u00e1scara nunca deve ser compartilhada entre trabalhadores;<\/em><\/li>\r\n<\/ul>\r\n\r\n\r\n\r\n<p>Resumindo, at\u00e9 este momento, n\u00e3o temos norma ou imposi\u00e7\u00e3o legal, em \u00e2mbito federal, que liste <strong>expressamente<\/strong> os itens, materiais e equipamentos de prote\u00e7\u00e3o individual a serem fornecidos pelas empresas aos seus funcion\u00e1rios como preven\u00e7\u00e3o \u00e0 contamina\u00e7\u00e3o do COVID-19, para atender ao disposto no art. 172, \u00a71\u00ba, inciso X, da IN RFB 1911\/19, como condi\u00e7\u00e3o para o cr\u00e9dito das contribui\u00e7\u00f5es sociais PIS\/COFINS, sob a rubrica \u2018insumos\u2019.<\/p>\r\n\r\n\r\n\r\n<p>Entretanto, podemos avaliar o direito ao cr\u00e9dito daquelas contribui\u00e7\u00f5es sob outra \u00f3tica.<\/p>\r\n\r\n\r\n\r\n<p>O Cap\u00edtulo V, da Consolida\u00e7\u00e3o das Leis do Trabalho (Decreto-Lei 5452\/43), trata das normas de seguran\u00e7a e de medicina no trabalho, e seu art. 166 \u00a0determina que a empresa \u00e9 obrigada a fornecer aos empregados, gratuitamente, equipamento de prote\u00e7\u00e3o individual adequado ao risco e em perfeito estado de conserva\u00e7\u00e3o e funcionamento, sempre que as medidas de ordem geral n\u00e3o ofere\u00e7am completa prote\u00e7\u00e3o contra os riscos de acidentes e danos \u00e0 sa\u00fade dos empregados.<\/p>\r\n\r\n\r\n\r\n<p><strong>Nota: <\/strong>O Plen\u00e1rio do Supremo Tribunal Federal (STF), em sess\u00e3o r?ealizada por videoconfer\u00eancia no dia 29\/04\/2020, suspendeu a efic\u00e1cia de dois dispositivos da\u00a0Medida Provis\u00f3ria (MP) 927\/2020. Por maioria, foram suspensos o artigo 29, que n\u00e3o considera doen\u00e7a ocupacional os casos de contamina\u00e7\u00e3o de trabalhadores pelo coronav\u00edrus, e o artigo 31, que ?limita a atua\u00e7\u00e3o de auditores fiscais do trabalho \u00e0 atividade de orienta\u00e7\u00e3o. A decis\u00e3o foi proferida no julgamento de medida liminar em sete A\u00e7\u00f5es Diretas de Inconstitucionalidade (ADIs) ajuizadas contra a MP.\u00a0<\/p>\r\n\r\n\r\n\r\n<p>Neste caso, vamos precisar do aux\u00edlio de um Engenheiro de Seguran\u00e7a no Trabalho ou de um M\u00e9dico do Trabalho. Somente estes tipos de especialistas para, com base nas Normas Regulamentadoras da seguran\u00e7a e medicina no trabalho, definir quais ser\u00e3o os tipos de materiais e equipamentos de prote\u00e7\u00e3o individual necess\u00e1rios para combater o COVID-19. Por serem profissionais habilitados, a eles caber\u00e1 emitir laudos e programas para que a empresa os implemente, de forma a combater a contamina\u00e7\u00e3o do v\u00edrus no ambiente de trabalho, e treine, instrua e oriente seus funcion\u00e1rios sobre os cuidados para evitar a contamina\u00e7\u00e3o fora do ambiente de trabalho e a caminho do trabalho.<\/p>\r\n\r\n\r\n\r\n<p><strong>Nota:<\/strong> Importante uma pesquisa di\u00e1ria mais profunda para averiguar se, de fato, n\u00e3o existe norma espec\u00edfica e obrigat\u00f3ria quanto ao uso de materiais e equipamentos de prote\u00e7\u00e3o individual, em tempos de pandemia do COVID-19, al\u00e9m do acompanhamento das publica\u00e7\u00f5es di\u00e1rias, inclusive nos sites da Secretaria do Trabalho\/ENIT e do Minist\u00e9rio da Sa\u00fade, por se tratar de tema novo.<\/p>\r\n\r\n\r\n\r\n<p>Fui pedir aux\u00edlio ao colega Tiago Freddi, Engenheiro de Seguran\u00e7a e Sa\u00fade do Trabalho, que me esclareceu que os laudos e programas elaborados por este tipo de profissional habilitado tem for\u00e7a legal, como atos complementares \u00e0s Normas Regulamentadoras da seguran\u00e7a e medicina no trabalho.<\/p>\r\n\r\n\r\n\r\n<p>Cabe ao Engenheiro de Seguran\u00e7a e Sa\u00fade do Trabalho a elabora\u00e7\u00e3o de nova \u201cOrdem de Servi\u00e7o de Seguran\u00e7a\u201d, ap\u00f3s a avalia\u00e7\u00e3o dos riscos de cada atividade, para incluir o novo risco biol\u00f3gico (COVID-19), na atividade da empresa. Esta ordem de servi\u00e7o, que tamb\u00e9m \u00e9 base para treinamento, deve ser entregue para cada funcion\u00e1rio, mediante assinatura em uma c\u00f3pia, que ficar\u00e1 arquivada na empresa para fins de fiscaliza\u00e7\u00e3o futura e comprova\u00e7\u00e3o que o funcion\u00e1rio foi formalmente comunicado, treinado e orientado.<\/p>\r\n\r\n\r\n\r\n<p>A Ordem de Servi\u00e7o de Seguran\u00e7a, elaborada pelo Engenheiro de Seguran\u00e7a e Sa\u00fade do Trabalho, tem grande poder de normatiza\u00e7\u00e3o e responsabiliza\u00e7\u00e3o para empregador e empregados, uma vez que nela deve obrigatoriamente constar, por exemplo:<\/p>\r\n\r\n\r\n\r\n<ul>\r\n<li>O risco identificado no ambiente de trabalho e o transmissor da doen\u00e7a ocupacional (v\u00edrus COVID-19), bem como os sintomas da doen\u00e7a e os procedimentos que devem ser adotados em caso de manifesta\u00e7\u00e3o dos sintomas;<\/li>\r\n<li>Quais os EPI \u2013 equipamentos de prote\u00e7\u00e3o individual \u2013 que dever\u00e3o ser obrigatoriamente utilizados pelo funcion\u00e1rio (luvas, m\u00e1scaras, jaleco, botas, etc.);<\/li>\r\n<li>Medidas de seguran\u00e7a adotadas no ambiente de produ\u00e7\u00e3o ou de presta\u00e7\u00e3o de servi\u00e7os (afastamento de trabalhadores contaminados e do grupo de risco, intensifica\u00e7\u00e3o da higieniza\u00e7\u00e3o e limpeza das instala\u00e7\u00f5es na linha de produ\u00e7\u00e3o, instala\u00e7\u00e3o de dispensers para \u00e1lcool gel, instala\u00e7\u00e3o de pias e tanques para higieniza\u00e7\u00e3o das m\u00e3os com sabonete l\u00edquido e toalhas de papel, etc.);<\/li>\r\n<li>proibi\u00e7\u00f5es (aglomera\u00e7\u00e3o de funcion\u00e1rios no intervalo do almo\u00e7o etc.).<\/li>\r\n<\/ul>\r\n\r\n\r\n\r\n<p>&nbsp;<\/p>\r\n\r\n\r\n\r\n<h2 class=\"wp-block-heading\"><strong>Dos cr\u00e9ditos de PIS\/COFINS sobre insumos propriamente ditos<\/strong><\/h2>\r\n\r\n\r\n\r\n<p>&nbsp;<\/p>\r\n\r\n\r\n\r\n<p>Embora, at\u00e9 o presente momento, n\u00e3o exista legisla\u00e7\u00e3o de \u00e2mbito federal que liste especificamente os materiais e equipamentos de prote\u00e7\u00e3o individual a serem utilizados pelos trabalhadores para combater a dissemina\u00e7\u00e3o do v\u00edrus (COVID-19), <strong>podemos buscar o amparo legal nas normas regulamentadoras da seguran\u00e7a e sa\u00fade do trabalho,<\/strong> <strong>como explicado anteriormente, e<\/strong> <strong>em especial em laudos, programas e ordens de servi\u00e7o elaborados pelo Engenheiro de Seguran\u00e7a e Sa\u00fade do Trabalho<\/strong> de cada contribuinte.<\/p>\r\n\r\n\r\n\r\n<p>Desta forma, neste momento, ocorre-me a seguinte lista de itens, materiais e gastos que se enquadram perfeitamente dentro do conceito de insumo para fins de cr\u00e9dito de PIS\/COFINS, <strong>na minha opini\u00e3o<\/strong>, <strong>lembrando que tais materiais e gastos devem obrigatoriamente ser utilizados\/consumidos direta ou indiretamente no processo produtivo (incluindo \u00e1reas de estocagem de insumos e produtos e do controle de qualidade) e na presta\u00e7\u00e3o de servi\u00e7os do contribuinte.<\/strong><\/p>\r\n\r\n\r\n\r\n<p><strong>Infelizmente n\u00e3o temos amparo legal para a tomada de cr\u00e9dito sobre insumos utilizados pelas \u00e1reas administrativas e pelos estabelecimentos com atividade comercial.<\/strong><\/p>\r\n\r\n\r\n\r\n<p>E mais, conforme t\u00f3pico 76, do PN COSIT\/RFB 05\/18:<em> \u201c<strong>se o disp\u00eandio efetuado pela pessoa jur\u00eddica n\u00e3o se enquadra em nenhuma outra modalidade espec\u00edfica de apura\u00e7\u00e3o de cr\u00e9ditos da n\u00e3o cumulatividade das contribui\u00e7\u00f5es, <u>ele permitir\u00e1 o creditamento caso se enquadre na defini\u00e7\u00e3o de insumos e n\u00e3o haja qualquer veda\u00e7\u00e3o legal, independentemente das regras cont\u00e1beis aplic\u00e1veis ao disp\u00eandio<\/u>\u201d.<\/strong><\/em><\/p>\r\n\r\n\r\n\r\n<p>E, para refor\u00e7ar, estou aplicando o <strong>\u201cteste de subtra\u00e7\u00e3o\u201d (v. decis\u00e3o do STJ no Recurso Especial 1.221.170),<\/strong> ou seja, se excluirmos os itens listados a seguir, e os funcion\u00e1rios da empresa forem afastados por conta de contamina\u00e7\u00e3o do v\u00edrus, a empresa ficar\u00e1 impossibilitada de prestar servi\u00e7os ou de produzir\/fabricar seus produtos, inclusive com a qualidade esperada por seus clientes.<\/p>\r\n\r\n\r\n\r\n<p>S\u00e3o estes, <strong>por exemplo<\/strong>, os insumos (materiais e servi\u00e7os) adquiridos em tempos de pandemia (COVID-19), que podem gerar cr\u00e9ditos de PIS\/COFINS para as ind\u00fastrias e prestadoras de servi\u00e7os:<\/p>\r\n\r\n\r\n\r\n<ul>\r\n<li>Gastos com laudos, treinamentos, equipamentos e supervis\u00e3o adicional, para atender as normas de seguran\u00e7a e sa\u00fade do trabalho;<\/li>\r\n<li>\u00e1gua, sab\u00e3o, sabonete l\u00edquido, \u00e1lcool gel;<\/li>\r\n<li>dispensers para sabonete l\u00edquido e \u00e1lcool gel, papel toalha;<\/li>\r\n<li>botas, jalecos, pantufas, toucas, aventais, m\u00e1scaras e luvas descart\u00e1veis ou n\u00e3o, conforme laudo do Engenheiro de Seguran\u00e7a e Sa\u00fade do Trabalho;<\/li>\r\n<li>material de limpeza (lixeiras, desinfetantes, sanitizantes, rodos, vassouras, pano de ch\u00e3o, esponjas, etc.);<\/li>\r\n<li>servi\u00e7os de limpeza, conserva\u00e7\u00e3o e manuten\u00e7\u00e3o com maior frequ\u00eancia, pois o v\u00edrus pode<\/li>\r\n<\/ul>\r\n\r\n\r\n\r\n<p>sobreviver em superf\u00edcies dos mais diversos tipos de material (papel, metal, pl\u00e1stico e tecido por v\u00e1rios dias);<\/p>\r\n\r\n\r\n\r\n<ul>\r\n<li>Gastos com cartazes e avisos sobre os cuidados para evitar contamina\u00e7\u00e3o;<\/li>\r\n<li>Aquisi\u00e7\u00e3o de mais equipamentos para limpeza (higienizadores a vapor, vaporizadores para limpeza de pisos, aspiradores de p\u00f3, etc.), desde que n\u00e3o contabilizados como ativo imobilizado;<\/li>\r\n<li>Aparelhos para medi\u00e7\u00e3o autom\u00e1tica de febre;<\/li>\r\n<li>Lavagem de ve\u00edculos utilizados no processo produtivo (caminh\u00f5es, empilhadeiras, etc.);<\/li>\r\n<li>Lavagem de ve\u00edculos utilizados na presta\u00e7\u00e3o de servi\u00e7os de transporte de cargas, etc.<\/li>\r\n<\/ul>\r\n\r\n\r\n\r\n<p>Obviamente essa lista pode ser muito maior e cada empresa dever\u00e1 analisar, <strong>caso a caso<\/strong>, os demais custos\/despesas incorridos por conta da pandemia causada pelo novo v\u00edrus (COVID-19), exclusivamente para as \u00e1reas produtivas e de presta\u00e7\u00e3o de servi\u00e7os.<\/p>\r\n\r\n\r\n\r\n<p>Lembrando que n\u00e3o cabe o cr\u00e9dito sobre o valor da m\u00e3o de obra paga diretamente a pessoa f\u00edsica e nem sobre o valor da aquisi\u00e7\u00e3o de bens e servi\u00e7os n\u00e3o sujeitos ao pagamento (tributa\u00e7\u00e3o a 0%, n\u00e3o incid\u00eancia, suspens\u00e3o) da contribui\u00e7\u00e3o ao PIS e da COFINS.<\/p>\r\n\r\n\r\n\r\n<p>Para refor\u00e7ar temos alguns ac\u00f3rd\u00e3os recentes do CARF, favor\u00e1veis ao cr\u00e9dito de PIS\/COFINS sobre equipamentos de prote\u00e7\u00e3o individual e outros tipos de despesas.<\/p>\r\n\r\n\r\n\r\n<p>a) <strong>Ac\u00f3rd\u00e3o 9303-010.180 \u2013 CSRF \/ 3\u00aa turma, em sess\u00e3o de 12\/02\/2020, favor\u00e1vel ao cr\u00e9dito sobre:<\/strong><\/p>\r\n\r\n\r\n\r\n<ul>\r\n<li><em>Despesas com equipamento de prote\u00e7\u00e3o individual, s\u00e3o <strong>custos <\/strong>que decorrem de regras cogentes estabelecidas por \u00f3rg\u00e3os regulat\u00f3rios. Frise-se entendimento exposto em Parecer Normativo Cosit 5;<\/em><\/li>\r\n<li><em>Despesas com material de limpeza e higieniza\u00e7\u00e3o (detergentes, desinfetantes, produtos de limpeza, higieniza\u00e7\u00e3o, produtos para tratamento de efluentes), os gastos com estes produtos s\u00e3o custos de produ\u00e7\u00e3o que decorrem de regras cogentes estabelecidas por \u00f3rg\u00e3os regulat\u00f3rios e que, portanto, s\u00e3o bens cuja aquisi\u00e7\u00e3o \u00e9 condi\u00e7\u00e3o sine qua non da produ\u00e7\u00e3o ou industrializa\u00e7\u00e3o do produto final. As regras sanit\u00e1rias s\u00e3o absolutamente essenciais e de observ\u00e2ncia obrigat\u00f3ria nos estabelecimentos que produzam g\u00eaneros aliment\u00edcios, de modo que n\u00e3o h\u00e1 como se produzir alimentos sem que tais requisitos de higiene bem como o tratamento dos efluentes que ser\u00e3o devolvidos \u00e0 natureza sejam atendidos;<\/em><\/li>\r\n<\/ul>\r\n\r\n\r\n\r\n<p>b)\u00a0 <strong>Ac\u00f3rd\u00e3o 9303-010.158 \u2013 CSRF \/ 3\u00aa turma, em sess\u00e3o de 12\/02\/2020, <\/strong>d\u00e1 margem a interpreta\u00e7\u00e3o que os equipamentos de prote\u00e7\u00e3o individual n\u00e3o precisam ser necessariamente utilizados por imposi\u00e7\u00e3o legal, basta que sejam essenciais \u00e0 atividade do contribuinte:<\/p>\r\n\r\n\r\n\r\n<p><em>\u201cNo presente caso, sendo sociedade diretamente ligada a alimentos, \u00e9 de se reconhecer o cr\u00e9dito aos itens de equipamentos de prote\u00e7\u00e3o individual \u2013 luvas, jalecos, aventais, toucas e outros, eis que essenciais \u00e0 atividade do sujeito passivo<u>, <strong>al\u00e9m de ser decorrente de obriga\u00e7\u00e3o legal<\/strong><\/u><\/em><strong>.\u201d<\/strong><\/p>\r\n\r\n\r\n\r\n<p>&nbsp;<\/p>\r\n\r\n\r\n\r\n<h3 class=\"wp-block-heading\"><strong><u>II ) Cr\u00e9ditos sobre m\u00e1quinas, equipamentos e edifica\u00e7\u00f5es<\/u><\/strong><\/h3>\r\n\r\n\r\n\r\n<p>&nbsp;<\/p>\r\n\r\n\r\n\r\n<p>O art. 3\u00ba, das Leis 10637\/02 e 10833\/03 lista as diversas situa\u00e7\u00f5es em que cabe o cr\u00e9dito de PIS\/COFINS no regime n\u00e3o cumulativo de apura\u00e7\u00e3o. A seguir, elenco situa\u00e7\u00f5es para an\u00e1lise mais profunda das empresas nestes tempos de pandemia (COVID-19).<\/p>\r\n\r\n\r\n\r\n<p>Mas insisto, cada empresa deve avaliar <strong>caso a caso<\/strong> suas novas aquisi\u00e7\u00f5es de bens, servi\u00e7os e despesas para determinar se h\u00e1 direito ao cr\u00e9dito das contribui\u00e7\u00f5es, lembrando que n\u00e3o cabe o cr\u00e9dito sobre o valor da m\u00e3o de obra paga diretamente a pessoa f\u00edsica e nem sobre o valor da aquisi\u00e7\u00e3o de bens e servi\u00e7os n\u00e3o sujeitos ao pagamento (isentos, tributa\u00e7\u00e3o a 0%, n\u00e3o incid\u00eancia, suspens\u00e3o) da contribui\u00e7\u00e3o ao PIS e da COFINS.<\/p>\r\n\r\n\r\n\r\n<p>a) m\u00e1quinas e equipamentos pertencentes ao ativo imobilizado da empresa<\/p>\r\n\r\n\r\n\r\n<p>Em decorr\u00eancia da pandemia (COVID-19) muitas empresas se viram obrigadas a investir em novas m\u00e1quinas e equipamentos, principalmente as prestadoras de servi\u00e7os de limpeza, conserva\u00e7\u00e3o e manuten\u00e7\u00e3o. Exemplo: M\u00e1quina de lavar ch\u00e3o industrial, se dentro das recomenda\u00e7\u00f5es do Engenheiro de Seguran\u00e7a e Sa\u00fade do Trabalho, no caso de estabelecimento industrial.<\/p>\r\n\r\n\r\n\r\n<p>\u00c9 tamb\u00e9m permitido o cr\u00e9dito sobre bens do ativo imobilizado adquiridos ou fabricados para loca\u00e7\u00e3o a terceiros.<\/p>\r\n\r\n\r\n\r\n<p>O cr\u00e9dito das contribui\u00e7\u00f5es pode ocorrer sobre o valor dos encargos de deprecia\u00e7\u00e3o mensal do bem, mediante a aplica\u00e7\u00e3o da taxa de deprecia\u00e7\u00e3o fixada pela RFB.<\/p>\r\n\r\n\r\n\r\n<p><strong>Notas:<\/strong> 1) Opcionalmente, o cr\u00e9dito das contribui\u00e7\u00f5es pode ser feito imediatamente sobre o valor de aquisi\u00e7\u00e3o de m\u00e1quinas e equipamentos, desde que se tratem de <strong>bens novos<\/strong> destinados \u00e0 produ\u00e7\u00e3o de bens e servi\u00e7os, conforme art.4\u00ba, da Lei 12546\/11. 2) Tamb\u00e9m cabe o cr\u00e9dito sobre os encargos de amortiza\u00e7\u00e3o de bens incorporados ao ativo intang\u00edvel, adquiridos para utiliza\u00e7\u00e3o na produ\u00e7\u00e3o de bens destinados a venda ou na presta\u00e7\u00e3o de servi\u00e7os.<\/p>\r\n\r\n\r\n\r\n<p>b) edifica\u00e7\u00f5es e benfeitorias em im\u00f3veis pr\u00f3prios ou de terceiros, utilizados nas atividades da empresa, inclusive pelas \u00e1reas administrativas e na atividade comercial<\/p>\r\n\r\n\r\n\r\n<p>Neste t\u00f3pico ocorre-me a quest\u00e3o das benfeitorias e obras para adequar as instala\u00e7\u00f5es da empresa no combate ao COVID-19, tais como constru\u00e7\u00f5es ou instala\u00e7\u00f5es de mais tanques, pias, sanit\u00e1rios, refeit\u00f3rios, etc. para atender \u00e0s ordens de servi\u00e7os elaboradas pelo Engenheiro de Seguran\u00e7a e Sa\u00fade do Trabalho.<\/p>\r\n\r\n\r\n\r\n<p>Cabe o cr\u00e9dito sobre os encargos de deprecia\u00e7\u00e3o mensal, mediante a aplica\u00e7\u00e3o das taxas de deprecia\u00e7\u00e3o fixadas pela RFB, inclusive sobre os <strong>encargos de amortiza\u00e7\u00e3o<\/strong>, se for o caso de benfeitorias e obras em im\u00f3vel pertencente a locador pessoa jur\u00eddica.<\/p>\r\n\r\n\r\n\r\n<p>c) alugu\u00e9is de pr\u00e9dios, m\u00e1quinas e equipamentos, pagos a pessoa jur\u00eddica, utilizados inclusive em \u00e1reas administrativas e na atividade comercial \u00a0<\/p>\r\n\r\n\r\n\r\n<p>Cabe o cr\u00e9dito sobre o valor dos alugu\u00e9is pagos mensalmente, exceto se o bem objeto do aluguel j\u00e1 tiver integrado o patrim\u00f4nio da empresa no passado. O valor da importa\u00e7\u00e3o de alugu\u00e9is \u00e9 tributado em 0% atualmente, por isso n\u00e3o cabe o cr\u00e9dito de PIS\/COFINS.<\/p>\r\n\r\n\r\n\r\n<ul>\r\n<li>contrapresta\u00e7\u00f5es de arrendamento mercantil de pessoa jur\u00eddica, exceto de optante do SIMPLES, inclusive de bens utilizados em \u00e1reas administrativas e na atividade comercial (inclui m\u00e1quinas, equipamentos, edifica\u00e7\u00f5es, ve\u00edculos, etc.)<\/li>\r\n<\/ul>\r\n\r\n\r\n\r\n<p>Tamb\u00e9m cabe o cr\u00e9dito das contribui\u00e7\u00f5es sobre este tipo de despesa. Mas \u00e9 vedado o cr\u00e9dito se o bem objeto do arrendamento mercantil j\u00e1 tiver integrado o patrim\u00f4nio da empresa no passado (art. 31, \u00a73\u00ba, da Lei 10865\/04). O valor da importa\u00e7\u00e3o de arrendamento mercantil \u00e9 tributado em 0% atualmente, por isso n\u00e3o cabe o cr\u00e9dito de PIS\/COFINS (art. 8\u00ba, \u00a714, da Lei 10865\/04).<\/p>\r\n\r\n\r\n\r\n<p>&nbsp;<\/p>\r\n\r\n\r\n\r\n<h2 class=\"wp-block-heading\"><strong>Conclus\u00e3o<\/strong><\/h2>\r\n\r\n\r\n\r\n<p>&nbsp;<\/p>\r\n\r\n\r\n\r\n<p>Concluo meu artigo certa de ter colaborado com os profissionais da \u00e1rea fiscal e tribut\u00e1ria nas decis\u00f5es envolvendo a tomada de cr\u00e9ditos das contribui\u00e7\u00f5es PIS\/COFINS, neste momento t\u00e3o crucial para a continuidade dos neg\u00f3cios, das empresas e dos empregos.<\/p>\r\n\r\n\r\n\r\n<p>Lembrando que, por se tratar de tema novo (pandemia em n\u00edvel mundial), n\u00e3o somente para a \u00e1rea tribut\u00e1ria, este artigo est\u00e1 sujeito a mudan\u00e7as e atualiza\u00e7\u00f5es em fun\u00e7\u00e3o de novas publica\u00e7\u00f5es na legisla\u00e7\u00e3o, e tamb\u00e9m sujeito a diferentes interpreta\u00e7\u00f5es da legisla\u00e7\u00e3o e normas citadas.<\/p>\r\n","protected":false},"excerpt":{"rendered":"<p>O intuito do presente artigo \u00e9 alertar os profissionais das \u00e1reas fiscal e tribut\u00e1ria dos demais tipos de ind\u00fastria e presta\u00e7\u00e3o de servi\u00e7os, quanto ao direito ao cr\u00e9dito de PIS\/COFINS sobre a aquisi\u00e7\u00e3o de itens\/materiais de prote\u00e7\u00e3o individual dos trabalhadores, materiais de limpeza e demais custos\/despesas incorridos por conta da pandemia causada pelo novo coronav\u00edrus (COVID-19).<\/p>\n","protected":false},"author":21,"featured_media":3797,"comment_status":"open","ping_status":"open","sticky":false,"template":"","format":"standard","meta":{"site-sidebar-layout":"default","site-content-layout":"default","ast-site-content-layout":"","site-content-style":"default","site-sidebar-style":"default","ast-global-header-display":"","ast-banner-title-visibility":"","ast-main-header-display":"","ast-hfb-above-header-display":"","ast-hfb-below-header-display":"","ast-hfb-mobile-header-display":"","site-post-title":"","ast-breadcrumbs-content":"","ast-featured-img":"","footer-sml-layout":"","theme-transparent-header-meta":"default","adv-header-id-meta":"","stick-header-meta":"default","header-above-stick-meta":"","header-main-stick-meta":"","header-below-stick-meta":"","astra-migrate-meta-layouts":"","ast-page-background-enabled":"default","ast-page-background-meta":{"desktop":{"background-color":"","background-image":"","background-repeat":"repeat","background-position":"center center","background-size":"auto","background-attachment":"scroll","background-type":"","background-media":"","overlay-type":"","overlay-color":"","overlay-gradient":""},"tablet":{"background-color":"","background-image":"","background-repeat":"repeat","background-position":"center center","background-size":"auto","background-attachment":"scroll","background-type":"","background-media":"","overlay-type":"","overlay-color":"","overlay-gradient":""},"mobile":{"background-color":"","background-image":"","background-repeat":"repeat","background-position":"center center","background-size":"auto","background-attachment":"scroll","background-type":"","background-media":"","overlay-type":"","overlay-color":"","overlay-gradient":""}},"ast-content-background-meta":{"desktop":{"background-color":"var(--ast-global-color-5)","background-image":"","background-repeat":"repeat","background-position":"center center","background-size":"auto","background-attachment":"scroll","background-type":"","background-media":"","overlay-type":"","overlay-color":"","overlay-gradient":""},"tablet":{"background-color":"var(--ast-global-color-5)","background-image":"","background-repeat":"repeat","background-position":"center center","background-size":"auto","background-attachment":"scroll","background-type":"","background-media":"","overlay-type":"","overlay-color":"","overlay-gradient":""},"mobile":{"background-color":"var(--ast-global-color-5)","background-image":"","background-repeat":"repeat","background-position":"center center","background-size":"auto","background-attachment":"scroll","background-type":"","background-media":"","overlay-type":"","overlay-color":"","overlay-gradient":""}},"footnotes":""},"categories":[18],"tags":[24,41],"yoast_head":"<!-- This site is optimized with the Yoast SEO plugin v22.2 - https:\/\/yoast.com\/wordpress\/plugins\/seo\/ -->\n<title>PIS\/COFINS \u2013 Cr\u00e9ditos em tempos de pandemia - BSSP Blog<\/title>\n<meta name=\"description\" content=\"O intuito do presente artigo \u00e9 alertar os profissionais das \u00e1reas fiscal e tribut\u00e1ria dos demais tipos de ind\u00fastria e presta\u00e7\u00e3o de servi\u00e7os, quanto ao direito ao cr\u00e9dito de PIS\/COFINS sobre a aquisi\u00e7\u00e3o de itens\/materiais de prote\u00e7\u00e3o individual dos trabalhadores, materiais de limpeza e demais custos\/despesas incorridos por conta da pandemia causada pelo novo coronav\u00edrus (COVID-19).\" \/>\n<meta name=\"robots\" content=\"index, follow, max-snippet:-1, max-image-preview:large, max-video-preview:-1\" \/>\n<link rel=\"canonical\" href=\"https:\/\/www.bsspce.com.br\/blog\/pis-cofins-creditos-em-tempos-de-pandemia\/\" \/>\n<meta property=\"og:locale\" content=\"pt_BR\" \/>\n<meta property=\"og:type\" content=\"article\" \/>\n<meta property=\"og:title\" content=\"PIS\/COFINS \u2013 Cr\u00e9ditos em tempos de pandemia\" \/>\n<meta property=\"og:description\" content=\"O intuito do presente artigo \u00e9 alertar os profissionais das \u00e1reas fiscal e tribut\u00e1ria dos demais tipos de ind\u00fastria e presta\u00e7\u00e3o de servi\u00e7os, quanto ao direito ao cr\u00e9dito de PIS\/COFINS sobre a aquisi\u00e7\u00e3o de itens\/materiais de prote\u00e7\u00e3o individual dos trabalhadores, materiais de limpeza e demais custos\/despesas incorridos por conta da pandemia causada pelo novo coronav\u00edrus (COVID-19).\" \/>\n<meta property=\"og:url\" content=\"https:\/\/www.bsspce.com.br\/blog\/pis-cofins-creditos-em-tempos-de-pandemia\/\" \/>\n<meta property=\"og:site_name\" content=\"BSSP Blog\" \/>\n<meta property=\"article:publisher\" content=\"https:\/\/www.facebook.com\/bsspcentroeducacional\/\" \/>\n<meta property=\"article:published_time\" content=\"2020-05-08T21:07:23+00:00\" \/>\n<meta property=\"article:modified_time\" content=\"2022-07-14T13:24:36+00:00\" \/>\n<meta property=\"og:image\" content=\"https:\/\/www.bsspce.com.br\/blog\/wp-content\/uploads\/2020\/05\/PIS-COFINS-\u2013-Cr\u00e9ditos-em-tempos-de-pandemia.jpg\" \/>\n\t<meta property=\"og:image:width\" content=\"650\" \/>\n\t<meta property=\"og:image:height\" content=\"434\" \/>\n\t<meta property=\"og:image:type\" content=\"image\/jpeg\" \/>\n<meta name=\"author\" content=\"Maria Jos\u00e9 C. Paulin\" \/>\n<meta name=\"twitter:card\" content=\"summary_large_image\" \/>\n<meta name=\"twitter:title\" content=\"PIS\/COFINS \u2013 Cr\u00e9ditos em tempos de pandemia\" \/>\n<meta name=\"twitter:description\" content=\"O intuito do presente artigo \u00e9 alertar os profissionais das \u00e1reas fiscal e tribut\u00e1ria dos demais tipos de ind\u00fastria e presta\u00e7\u00e3o de servi\u00e7os, quanto ao direito ao cr\u00e9dito de PIS\/COFINS sobre a aquisi\u00e7\u00e3o de itens\/materiais de prote\u00e7\u00e3o individual dos trabalhadores, materiais de limpeza e demais custos\/despesas incorridos por conta da pandemia causada pelo novo coronav\u00edrus (COVID-19).\" \/>\n<meta name=\"twitter:image\" content=\"https:\/\/www.bsspce.com.br\/blog\/wp-content\/uploads\/2020\/05\/PIS-COFINS-\u2013-Cr\u00e9ditos-em-tempos-de-pandemia.jpg\" \/>\n<meta name=\"twitter:label1\" content=\"Escrito por\" \/>\n\t<meta name=\"twitter:data1\" content=\"Maria Jos\u00e9 C. Paulin\" \/>\n\t<meta name=\"twitter:label2\" content=\"Est. tempo de leitura\" \/>\n\t<meta name=\"twitter:data2\" content=\"24 minutos\" \/>\n<script type=\"application\/ld+json\" class=\"yoast-schema-graph\">{\"@context\":\"https:\/\/schema.org\",\"@graph\":[{\"@type\":\"Article\",\"@id\":\"https:\/\/www.bsspce.com.br\/blog\/pis-cofins-creditos-em-tempos-de-pandemia\/#article\",\"isPartOf\":{\"@id\":\"https:\/\/www.bsspce.com.br\/blog\/pis-cofins-creditos-em-tempos-de-pandemia\/\"},\"author\":{\"name\":\"Maria Jos\u00e9 C. Paulin\",\"@id\":\"https:\/\/www.bsspce.com.br\/blog\/#\/schema\/person\/4c4649ff53ca3f85b2e24e16ce0785b6\"},\"headline\":\"PIS\/COFINS \u2013 Cr\u00e9ditos em tempos de pandemia\",\"datePublished\":\"2020-05-08T21:07:23+00:00\",\"dateModified\":\"2022-07-14T13:24:36+00:00\",\"mainEntityOfPage\":{\"@id\":\"https:\/\/www.bsspce.com.br\/blog\/pis-cofins-creditos-em-tempos-de-pandemia\/\"},\"wordCount\":4969,\"commentCount\":0,\"publisher\":{\"@id\":\"https:\/\/www.bsspce.com.br\/blog\/#organization\"},\"image\":{\"@id\":\"https:\/\/www.bsspce.com.br\/blog\/pis-cofins-creditos-em-tempos-de-pandemia\/#primaryimage\"},\"thumbnailUrl\":\"https:\/\/www.bsspce.com.br\/blog\/wp-content\/uploads\/2020\/05\/PIS-COFINS-\u2013-Creditos-em-tempos-de-pandemia.jpg\",\"keywords\":[\"covid-19\",\"pis\/cofins\"],\"articleSection\":[\"Tribut\u00e1rio\"],\"inLanguage\":\"pt-BR\",\"potentialAction\":[{\"@type\":\"CommentAction\",\"name\":\"Comment\",\"target\":[\"https:\/\/www.bsspce.com.br\/blog\/pis-cofins-creditos-em-tempos-de-pandemia\/#respond\"]}]},{\"@type\":\"WebPage\",\"@id\":\"https:\/\/www.bsspce.com.br\/blog\/pis-cofins-creditos-em-tempos-de-pandemia\/\",\"url\":\"https:\/\/www.bsspce.com.br\/blog\/pis-cofins-creditos-em-tempos-de-pandemia\/\",\"name\":\"PIS\/COFINS \u2013 Cr\u00e9ditos em tempos de pandemia - BSSP Blog\",\"isPartOf\":{\"@id\":\"https:\/\/www.bsspce.com.br\/blog\/#website\"},\"primaryImageOfPage\":{\"@id\":\"https:\/\/www.bsspce.com.br\/blog\/pis-cofins-creditos-em-tempos-de-pandemia\/#primaryimage\"},\"image\":{\"@id\":\"https:\/\/www.bsspce.com.br\/blog\/pis-cofins-creditos-em-tempos-de-pandemia\/#primaryimage\"},\"thumbnailUrl\":\"https:\/\/www.bsspce.com.br\/blog\/wp-content\/uploads\/2020\/05\/PIS-COFINS-\u2013-Creditos-em-tempos-de-pandemia.jpg\",\"datePublished\":\"2020-05-08T21:07:23+00:00\",\"dateModified\":\"2022-07-14T13:24:36+00:00\",\"description\":\"O intuito do presente artigo \u00e9 alertar os profissionais das \u00e1reas fiscal e tribut\u00e1ria dos demais tipos de ind\u00fastria e presta\u00e7\u00e3o de servi\u00e7os, quanto ao direito ao cr\u00e9dito de PIS\/COFINS sobre a aquisi\u00e7\u00e3o de itens\/materiais de prote\u00e7\u00e3o individual dos trabalhadores, materiais de limpeza e demais custos\/despesas incorridos por conta da pandemia causada pelo novo coronav\u00edrus (COVID-19).\",\"breadcrumb\":{\"@id\":\"https:\/\/www.bsspce.com.br\/blog\/pis-cofins-creditos-em-tempos-de-pandemia\/#breadcrumb\"},\"inLanguage\":\"pt-BR\",\"potentialAction\":[{\"@type\":\"ReadAction\",\"target\":[\"https:\/\/www.bsspce.com.br\/blog\/pis-cofins-creditos-em-tempos-de-pandemia\/\"]}]},{\"@type\":\"ImageObject\",\"inLanguage\":\"pt-BR\",\"@id\":\"https:\/\/www.bsspce.com.br\/blog\/pis-cofins-creditos-em-tempos-de-pandemia\/#primaryimage\",\"url\":\"https:\/\/www.bsspce.com.br\/blog\/wp-content\/uploads\/2020\/05\/PIS-COFINS-\u2013-Creditos-em-tempos-de-pandemia.jpg\",\"contentUrl\":\"https:\/\/www.bsspce.com.br\/blog\/wp-content\/uploads\/2020\/05\/PIS-COFINS-\u2013-Creditos-em-tempos-de-pandemia.jpg\",\"width\":650,\"height\":434},{\"@type\":\"BreadcrumbList\",\"@id\":\"https:\/\/www.bsspce.com.br\/blog\/pis-cofins-creditos-em-tempos-de-pandemia\/#breadcrumb\",\"itemListElement\":[{\"@type\":\"ListItem\",\"position\":1,\"name\":\"Home\",\"item\":\"https:\/\/www.bsspce.com.br\/blog\/\"},{\"@type\":\"ListItem\",\"position\":2,\"name\":\"Tribut\u00e1rio\",\"item\":\"https:\/\/www.bsspce.com.br\/blog\/category\/tributario\/\"},{\"@type\":\"ListItem\",\"position\":3,\"name\":\"PIS\/COFINS \u2013 Cr\u00e9ditos em tempos de pandemia\"}]},{\"@type\":\"WebSite\",\"@id\":\"https:\/\/www.bsspce.com.br\/blog\/#website\",\"url\":\"https:\/\/www.bsspce.com.br\/blog\/\",\"name\":\"BSSP Blog\",\"description\":\"Conte\u00fado para profissionais que plantam sua Boa Sorte\",\"publisher\":{\"@id\":\"https:\/\/www.bsspce.com.br\/blog\/#organization\"},\"potentialAction\":[{\"@type\":\"SearchAction\",\"target\":{\"@type\":\"EntryPoint\",\"urlTemplate\":\"https:\/\/www.bsspce.com.br\/blog\/?s={search_term_string}\"},\"query-input\":\"required name=search_term_string\"}],\"inLanguage\":\"pt-BR\"},{\"@type\":\"Organization\",\"@id\":\"https:\/\/www.bsspce.com.br\/blog\/#organization\",\"name\":\"BSSP\",\"url\":\"https:\/\/www.bsspce.com.br\/blog\/\",\"logo\":{\"@type\":\"ImageObject\",\"inLanguage\":\"pt-BR\",\"@id\":\"https:\/\/www.bsspce.com.br\/blog\/#\/schema\/logo\/image\/\",\"url\":\"https:\/\/www.bsspce.com.br\/blog\/wp-content\/uploads\/2020\/04\/cropped-logo-BSSP-blog-95x26-1.png\",\"contentUrl\":\"https:\/\/www.bsspce.com.br\/blog\/wp-content\/uploads\/2020\/04\/cropped-logo-BSSP-blog-95x26-1.png\",\"width\":95,\"height\":26,\"caption\":\"BSSP\"},\"image\":{\"@id\":\"https:\/\/www.bsspce.com.br\/blog\/#\/schema\/logo\/image\/\"},\"sameAs\":[\"https:\/\/www.facebook.com\/bsspcentroeducacional\/\",\"https:\/\/www.instagram.com\/bsspcentroeducacional\/\",\"https:\/\/www.linkedin.com\/school\/bsspcentroeducacional\/\"]},{\"@type\":\"Person\",\"@id\":\"https:\/\/www.bsspce.com.br\/blog\/#\/schema\/person\/4c4649ff53ca3f85b2e24e16ce0785b6\",\"name\":\"Maria Jos\u00e9 C. Paulin\",\"image\":{\"@type\":\"ImageObject\",\"inLanguage\":\"pt-BR\",\"@id\":\"https:\/\/www.bsspce.com.br\/blog\/#\/schema\/person\/image\/\",\"url\":\"https:\/\/secure.gravatar.com\/avatar\/041a16d0c803a888f804c5c883278170?s=96&d=blank&r=g\",\"contentUrl\":\"https:\/\/secure.gravatar.com\/avatar\/041a16d0c803a888f804c5c883278170?s=96&d=blank&r=g\",\"caption\":\"Maria Jos\u00e9 C. Paulin\"},\"description\":\"S\u00f3cia-gerente da MJP Consultoria Fiscal-Tribut\u00e1ria Ltda, especialista em tributos indiretos (ICMS\/IPI\/ISS\/PIS\/COFINS), professora de MBA na BSSP Centro Educacional e de cursos livres na \u00e1rea tribut\u00e1ria em outras institui\u00e7\u00f5es\",\"url\":\"https:\/\/www.bsspce.com.br\/blog\/author\/maria-jose-paulin\/\"}]}<\/script>\n<!-- \/ Yoast SEO plugin. -->","yoast_head_json":{"title":"PIS\/COFINS \u2013 Cr\u00e9ditos em tempos de pandemia - BSSP Blog","description":"O intuito do presente artigo \u00e9 alertar os profissionais das \u00e1reas fiscal e tribut\u00e1ria dos demais tipos de ind\u00fastria e presta\u00e7\u00e3o de servi\u00e7os, quanto ao direito ao cr\u00e9dito de PIS\/COFINS sobre a aquisi\u00e7\u00e3o de itens\/materiais de prote\u00e7\u00e3o individual dos trabalhadores, materiais de limpeza e demais custos\/despesas incorridos por conta da pandemia causada pelo novo coronav\u00edrus (COVID-19).","robots":{"index":"index","follow":"follow","max-snippet":"max-snippet:-1","max-image-preview":"max-image-preview:large","max-video-preview":"max-video-preview:-1"},"canonical":"https:\/\/www.bsspce.com.br\/blog\/pis-cofins-creditos-em-tempos-de-pandemia\/","og_locale":"pt_BR","og_type":"article","og_title":"PIS\/COFINS \u2013 Cr\u00e9ditos em tempos de pandemia","og_description":"O intuito do presente artigo \u00e9 alertar os profissionais das \u00e1reas fiscal e tribut\u00e1ria dos demais tipos de ind\u00fastria e presta\u00e7\u00e3o de servi\u00e7os, quanto ao direito ao cr\u00e9dito de PIS\/COFINS sobre a aquisi\u00e7\u00e3o de itens\/materiais de prote\u00e7\u00e3o individual dos trabalhadores, materiais de limpeza e demais custos\/despesas incorridos por conta da pandemia causada pelo novo coronav\u00edrus (COVID-19).","og_url":"https:\/\/www.bsspce.com.br\/blog\/pis-cofins-creditos-em-tempos-de-pandemia\/","og_site_name":"BSSP Blog","article_publisher":"https:\/\/www.facebook.com\/bsspcentroeducacional\/","article_published_time":"2020-05-08T21:07:23+00:00","article_modified_time":"2022-07-14T13:24:36+00:00","og_image":[{"width":650,"height":434,"url":"https:\/\/www.bsspce.com.br\/blog\/wp-content\/uploads\/2020\/05\/PIS-COFINS-\u2013-Cr\u00e9ditos-em-tempos-de-pandemia.jpg","type":"image\/jpeg"}],"author":"Maria Jos\u00e9 C. Paulin","twitter_card":"summary_large_image","twitter_title":"PIS\/COFINS \u2013 Cr\u00e9ditos em tempos de pandemia","twitter_description":"O intuito do presente artigo \u00e9 alertar os profissionais das \u00e1reas fiscal e tribut\u00e1ria dos demais tipos de ind\u00fastria e presta\u00e7\u00e3o de servi\u00e7os, quanto ao direito ao cr\u00e9dito de PIS\/COFINS sobre a aquisi\u00e7\u00e3o de itens\/materiais de prote\u00e7\u00e3o individual dos trabalhadores, materiais de limpeza e demais custos\/despesas incorridos por conta da pandemia causada pelo novo coronav\u00edrus (COVID-19).","twitter_image":"https:\/\/www.bsspce.com.br\/blog\/wp-content\/uploads\/2020\/05\/PIS-COFINS-\u2013-Cr\u00e9ditos-em-tempos-de-pandemia.jpg","twitter_misc":{"Escrito por":"Maria Jos\u00e9 C. Paulin","Est. tempo de leitura":"24 minutos"},"schema":{"@context":"https:\/\/schema.org","@graph":[{"@type":"Article","@id":"https:\/\/www.bsspce.com.br\/blog\/pis-cofins-creditos-em-tempos-de-pandemia\/#article","isPartOf":{"@id":"https:\/\/www.bsspce.com.br\/blog\/pis-cofins-creditos-em-tempos-de-pandemia\/"},"author":{"name":"Maria Jos\u00e9 C. Paulin","@id":"https:\/\/www.bsspce.com.br\/blog\/#\/schema\/person\/4c4649ff53ca3f85b2e24e16ce0785b6"},"headline":"PIS\/COFINS \u2013 Cr\u00e9ditos em tempos de pandemia","datePublished":"2020-05-08T21:07:23+00:00","dateModified":"2022-07-14T13:24:36+00:00","mainEntityOfPage":{"@id":"https:\/\/www.bsspce.com.br\/blog\/pis-cofins-creditos-em-tempos-de-pandemia\/"},"wordCount":4969,"commentCount":0,"publisher":{"@id":"https:\/\/www.bsspce.com.br\/blog\/#organization"},"image":{"@id":"https:\/\/www.bsspce.com.br\/blog\/pis-cofins-creditos-em-tempos-de-pandemia\/#primaryimage"},"thumbnailUrl":"https:\/\/www.bsspce.com.br\/blog\/wp-content\/uploads\/2020\/05\/PIS-COFINS-\u2013-Creditos-em-tempos-de-pandemia.jpg","keywords":["covid-19","pis\/cofins"],"articleSection":["Tribut\u00e1rio"],"inLanguage":"pt-BR","potentialAction":[{"@type":"CommentAction","name":"Comment","target":["https:\/\/www.bsspce.com.br\/blog\/pis-cofins-creditos-em-tempos-de-pandemia\/#respond"]}]},{"@type":"WebPage","@id":"https:\/\/www.bsspce.com.br\/blog\/pis-cofins-creditos-em-tempos-de-pandemia\/","url":"https:\/\/www.bsspce.com.br\/blog\/pis-cofins-creditos-em-tempos-de-pandemia\/","name":"PIS\/COFINS \u2013 Cr\u00e9ditos em tempos de pandemia - BSSP Blog","isPartOf":{"@id":"https:\/\/www.bsspce.com.br\/blog\/#website"},"primaryImageOfPage":{"@id":"https:\/\/www.bsspce.com.br\/blog\/pis-cofins-creditos-em-tempos-de-pandemia\/#primaryimage"},"image":{"@id":"https:\/\/www.bsspce.com.br\/blog\/pis-cofins-creditos-em-tempos-de-pandemia\/#primaryimage"},"thumbnailUrl":"https:\/\/www.bsspce.com.br\/blog\/wp-content\/uploads\/2020\/05\/PIS-COFINS-\u2013-Creditos-em-tempos-de-pandemia.jpg","datePublished":"2020-05-08T21:07:23+00:00","dateModified":"2022-07-14T13:24:36+00:00","description":"O intuito do presente artigo \u00e9 alertar os profissionais das \u00e1reas fiscal e tribut\u00e1ria dos demais tipos de ind\u00fastria e presta\u00e7\u00e3o de servi\u00e7os, quanto ao direito ao cr\u00e9dito de PIS\/COFINS sobre a aquisi\u00e7\u00e3o de itens\/materiais de prote\u00e7\u00e3o individual dos trabalhadores, materiais de limpeza e demais custos\/despesas incorridos por conta da pandemia causada pelo novo coronav\u00edrus (COVID-19).","breadcrumb":{"@id":"https:\/\/www.bsspce.com.br\/blog\/pis-cofins-creditos-em-tempos-de-pandemia\/#breadcrumb"},"inLanguage":"pt-BR","potentialAction":[{"@type":"ReadAction","target":["https:\/\/www.bsspce.com.br\/blog\/pis-cofins-creditos-em-tempos-de-pandemia\/"]}]},{"@type":"ImageObject","inLanguage":"pt-BR","@id":"https:\/\/www.bsspce.com.br\/blog\/pis-cofins-creditos-em-tempos-de-pandemia\/#primaryimage","url":"https:\/\/www.bsspce.com.br\/blog\/wp-content\/uploads\/2020\/05\/PIS-COFINS-\u2013-Creditos-em-tempos-de-pandemia.jpg","contentUrl":"https:\/\/www.bsspce.com.br\/blog\/wp-content\/uploads\/2020\/05\/PIS-COFINS-\u2013-Creditos-em-tempos-de-pandemia.jpg","width":650,"height":434},{"@type":"BreadcrumbList","@id":"https:\/\/www.bsspce.com.br\/blog\/pis-cofins-creditos-em-tempos-de-pandemia\/#breadcrumb","itemListElement":[{"@type":"ListItem","position":1,"name":"Home","item":"https:\/\/www.bsspce.com.br\/blog\/"},{"@type":"ListItem","position":2,"name":"Tribut\u00e1rio","item":"https:\/\/www.bsspce.com.br\/blog\/category\/tributario\/"},{"@type":"ListItem","position":3,"name":"PIS\/COFINS \u2013 Cr\u00e9ditos em tempos de pandemia"}]},{"@type":"WebSite","@id":"https:\/\/www.bsspce.com.br\/blog\/#website","url":"https:\/\/www.bsspce.com.br\/blog\/","name":"BSSP Blog","description":"Conte\u00fado para profissionais que plantam sua Boa Sorte","publisher":{"@id":"https:\/\/www.bsspce.com.br\/blog\/#organization"},"potentialAction":[{"@type":"SearchAction","target":{"@type":"EntryPoint","urlTemplate":"https:\/\/www.bsspce.com.br\/blog\/?s={search_term_string}"},"query-input":"required name=search_term_string"}],"inLanguage":"pt-BR"},{"@type":"Organization","@id":"https:\/\/www.bsspce.com.br\/blog\/#organization","name":"BSSP","url":"https:\/\/www.bsspce.com.br\/blog\/","logo":{"@type":"ImageObject","inLanguage":"pt-BR","@id":"https:\/\/www.bsspce.com.br\/blog\/#\/schema\/logo\/image\/","url":"https:\/\/www.bsspce.com.br\/blog\/wp-content\/uploads\/2020\/04\/cropped-logo-BSSP-blog-95x26-1.png","contentUrl":"https:\/\/www.bsspce.com.br\/blog\/wp-content\/uploads\/2020\/04\/cropped-logo-BSSP-blog-95x26-1.png","width":95,"height":26,"caption":"BSSP"},"image":{"@id":"https:\/\/www.bsspce.com.br\/blog\/#\/schema\/logo\/image\/"},"sameAs":["https:\/\/www.facebook.com\/bsspcentroeducacional\/","https:\/\/www.instagram.com\/bsspcentroeducacional\/","https:\/\/www.linkedin.com\/school\/bsspcentroeducacional\/"]},{"@type":"Person","@id":"https:\/\/www.bsspce.com.br\/blog\/#\/schema\/person\/4c4649ff53ca3f85b2e24e16ce0785b6","name":"Maria Jos\u00e9 C. Paulin","image":{"@type":"ImageObject","inLanguage":"pt-BR","@id":"https:\/\/www.bsspce.com.br\/blog\/#\/schema\/person\/image\/","url":"https:\/\/secure.gravatar.com\/avatar\/041a16d0c803a888f804c5c883278170?s=96&d=blank&r=g","contentUrl":"https:\/\/secure.gravatar.com\/avatar\/041a16d0c803a888f804c5c883278170?s=96&d=blank&r=g","caption":"Maria Jos\u00e9 C. Paulin"},"description":"S\u00f3cia-gerente da MJP Consultoria Fiscal-Tribut\u00e1ria Ltda, especialista em tributos indiretos (ICMS\/IPI\/ISS\/PIS\/COFINS), professora de MBA na BSSP Centro Educacional e de cursos livres na \u00e1rea tribut\u00e1ria em outras institui\u00e7\u00f5es","url":"https:\/\/www.bsspce.com.br\/blog\/author\/maria-jose-paulin\/"}]}},"_links":{"self":[{"href":"https:\/\/www.bsspce.com.br\/blog\/wp-json\/wp\/v2\/posts\/1873"}],"collection":[{"href":"https:\/\/www.bsspce.com.br\/blog\/wp-json\/wp\/v2\/posts"}],"about":[{"href":"https:\/\/www.bsspce.com.br\/blog\/wp-json\/wp\/v2\/types\/post"}],"author":[{"embeddable":true,"href":"https:\/\/www.bsspce.com.br\/blog\/wp-json\/wp\/v2\/users\/21"}],"replies":[{"embeddable":true,"href":"https:\/\/www.bsspce.com.br\/blog\/wp-json\/wp\/v2\/comments?post=1873"}],"version-history":[{"count":1,"href":"https:\/\/www.bsspce.com.br\/blog\/wp-json\/wp\/v2\/posts\/1873\/revisions"}],"predecessor-version":[{"id":3798,"href":"https:\/\/www.bsspce.com.br\/blog\/wp-json\/wp\/v2\/posts\/1873\/revisions\/3798"}],"wp:featuredmedia":[{"embeddable":true,"href":"https:\/\/www.bsspce.com.br\/blog\/wp-json\/wp\/v2\/media\/3797"}],"wp:attachment":[{"href":"https:\/\/www.bsspce.com.br\/blog\/wp-json\/wp\/v2\/media?parent=1873"}],"wp:term":[{"taxonomy":"category","embeddable":true,"href":"https:\/\/www.bsspce.com.br\/blog\/wp-json\/wp\/v2\/categories?post=1873"},{"taxonomy":"post_tag","embeddable":true,"href":"https:\/\/www.bsspce.com.br\/blog\/wp-json\/wp\/v2\/tags?post=1873"}],"curies":[{"name":"wp","href":"https:\/\/api.w.org\/{rel}","templated":true}]}}